{"id":8074,"date":"2023-02-02T08:00:00","date_gmt":"2023-02-02T13:00:00","guid":{"rendered":"https:\/\/nventive.com\/?p=8074"},"modified":"2025-01-30T13:40:31","modified_gmt":"2025-01-30T18:40:31","slug":"accueil-et-integration-ton-premier-mois-chez-nventive","status":"publish","type":"post","link":"https:\/\/nventive.com\/fr\/articles\/accueil-et-integration-ton-premier-mois-chez-nventive\/","title":{"rendered":"Accueil et int\u00e9gration\u202f: \u00e0 quoi ressemble ton premier mois chez nventive?"},"content":{"rendered":"\t\t<div data-elementor-type=\"wp-post\" data-elementor-id=\"8074\" class=\"elementor elementor-8074\" data-elementor-post-type=\"post\">\n\t\t\t\t<div class=\"elementor-element elementor-element-5cf3900b e-flex e-con-boxed e-con e-parent\" data-id=\"5cf3900b\" data-element_type=\"container\">\n\t\t\t\t\t<div class=\"e-con-inner\">\n\t\t\t\t<div class=\"elementor-element elementor-element-557a7317 elementor-widget elementor-widget-text-editor\" data-id=\"557a7317\" data-element_type=\"widget\" data-widget_type=\"text-editor.default\">\n\t\t\t\t<div class=\"elementor-widget-container\">\n\t\t\t\t\t\t\t\t\tTon contrat est sign\u00e9, tes documents sont envoy\u00e9s, tes informations sont transmises\u2026 Tu as m\u00eame re\u00e7u ta bo\u00eete de bienvenue et ton mat\u00e9riel informatique! Mais la question demeure\u202f: \u00e0 quoi va ressembler ton d\u00e9but d\u2019exp\u00e9rience chez nventive? Laisse nos nouvelles recrues Mohamed, Christelle, Mathias et Luiz t\u2019\u00e9clairer davantage.\n\t\t\t\t\t\t\t\t<\/div>\n\t\t\t\t<\/div>\n\t\t\t\t\t<\/div>\n\t\t\t\t<\/div>\n\t\t<div class=\"elementor-element elementor-element-40054b1c e-flex e-con-boxed e-con e-parent\" data-id=\"40054b1c\" data-element_type=\"container\">\n\t\t\t\t\t<div class=\"e-con-inner\">\n\t\t\t\t<div class=\"elementor-element elementor-element-609de586 elementor-widget elementor-widget-text-editor\" data-id=\"609de586\" data-element_type=\"widget\" data-widget_type=\"text-editor.default\">\n\t\t\t\t<div class=\"elementor-widget-container\">\n\t\t\t\t\t\t\t\t\t<p>Le processus d\u2019accueil et d\u2019int\u00e9gration consiste en plusieurs moments cl\u00e9s qui marquent l\u2019arriv\u00e9e d\u2019un nouveau talent au sein de nos \u00e9quipes, soit le premier jour, la premi\u00e8re semaine et le premier mois. Nous veillons \u00e0 rendre ces instants marquants les plus conviviaux et complets possibles pour chaque arriv\u00e9e, tout en nous adaptant \u00e0 chaque poste, chaque \u00e9quipe et chaque personnalit\u00e9.<\/p><p>Selon la squad que tu int\u00e8greras, le processus relatif aux connaissances et aux comp\u00e9tences techniques peut diff\u00e9rer, mais tous nos nouveaux talents suivent les m\u00eames grandes \u00e9tapes durant cette premi\u00e8re p\u00e9riode chez nventive.<\/p>\t\t\t\t\t\t\t\t<\/div>\n\t\t\t\t<\/div>\n\t\t\t\t\t<\/div>\n\t\t\t\t<\/div>\n\t\t<div class=\"elementor-element elementor-element-4fdb948c e-flex e-con-boxed e-con e-parent\" data-id=\"4fdb948c\" data-element_type=\"container\">\n\t\t\t\t\t<div class=\"e-con-inner\">\n\t\t\t\t<div class=\"elementor-element elementor-element-7c4d4e05 elementor-widget elementor-widget-image\" data-id=\"7c4d4e05\" data-element_type=\"widget\" data-widget_type=\"image.default\">\n\t\t\t\t<div class=\"elementor-widget-container\">\n\t\t\t\t\t\t\t\t\t\t\t\t\t\t\t<img fetchpriority=\"high\" decoding=\"async\" width=\"1482\" height=\"834\" src=\"https:\/\/nventive.com\/app\/uploads\/ton-premier-jour-essentiels-a-connaitre.webp\" class=\"attachment-full size-full wp-image-8101\" alt=\"Le premier jour\u202f: les essentiels \u00e0 conna\u00eetre\" srcset=\"https:\/\/nventive.com\/app\/uploads\/ton-premier-jour-essentiels-a-connaitre.webp 1482w, https:\/\/nventive.com\/app\/uploads\/ton-premier-jour-essentiels-a-connaitre-300x169.webp 300w, https:\/\/nventive.com\/app\/uploads\/ton-premier-jour-essentiels-a-connaitre-1024x576.webp 1024w, https:\/\/nventive.com\/app\/uploads\/ton-premier-jour-essentiels-a-connaitre-768x432.webp 768w\" sizes=\"(max-width: 1482px) 100vw, 1482px\" \/>\t\t\t\t\t\t\t\t\t\t\t\t\t\t\t<\/div>\n\t\t\t\t<\/div>\n\t\t\t\t\t<\/div>\n\t\t\t\t<\/div>\n\t\t<div class=\"elementor-element elementor-element-3ac2826b e-flex e-con-boxed e-con e-parent\" data-id=\"3ac2826b\" data-element_type=\"container\">\n\t\t\t\t\t<div class=\"e-con-inner\">\n\t\t\t\t<div class=\"elementor-element elementor-element-58854c8c elementor-widget elementor-widget-heading\" data-id=\"58854c8c\" data-element_type=\"widget\" data-widget_type=\"heading.default\">\n\t\t\t\t<div class=\"elementor-widget-container\">\n\t\t\t\t\t<h2 class=\"elementor-heading-title elementor-size-default\">Le premier jour\u202f: les essentiels \u00e0 conna\u00eetre<\/h2>\t\t\t\t<\/div>\n\t\t\t\t<\/div>\n\t\t\t\t<div class=\"elementor-element elementor-element-5ea31913 elementor-widget elementor-widget-text-editor\" data-id=\"5ea31913\" data-element_type=\"widget\" data-widget_type=\"text-editor.default\">\n\t\t\t\t<div class=\"elementor-widget-container\">\n\t\t\t\t\t\t\t\t\t<ul><li><strong>Rencontre ton ou ta gestionnaire et ton \u00e9quipe<\/strong>\u202f: G\u00e9n\u00e9ralement, ce seront les premi\u00e8res personnes que tu rencontreras, par exemple, autour d\u2019un caf\u00e9. C\u2019est l\u2019occasion pour toi de rencontrer tes coll\u00e8gues.<\/li><li><strong>Rencontre ton buddy<\/strong>\u202f: Son r\u00f4le est simple, c\u2019est la r\u00e9f\u00e9rence pour r\u00e9pondre \u00e0 toutes tes questions sur l\u2019entreprise, les processus, les \u00e9quipes, etc.!<\/li><li><strong>Assiste \u00e0 la pr\u00e9sentation Talents et Culture<\/strong>\u202f: Lors de cette rencontre, notre \u00e9quipe te pr\u00e9sentera nventive et les \u00e9l\u00e9ments fondamentaux de sa culture d\u2019entreprise et des processus en ressources humaines.<\/li><li><strong>Param\u00e8tre ton mat\u00e9riel informatique<\/strong>\u202f: Qu\u2019il s\u2019agisse des acc\u00e8s ou des conseils de s\u00e9curit\u00e9, l\u2019\u00e9quipe informatique veille \u00e0 te fournir tous les \u00e9l\u00e9ments indispensables.<\/li><\/ul>\t\t\t\t\t\t\t\t<\/div>\n\t\t\t\t<\/div>\n\t\t\t\t\t<\/div>\n\t\t\t\t<\/div>\n\t\t<div class=\"elementor-element elementor-element-54cfff93 e-flex e-con-boxed e-con e-parent\" data-id=\"54cfff93\" data-element_type=\"container\">\n\t\t\t\t\t<div class=\"e-con-inner\">\n\t\t<div class=\"elementor-element elementor-element-63aebee2 e-con-full e-flex e-con e-child\" data-id=\"63aebee2\" data-element_type=\"container\">\n\t\t\t\t<div class=\"elementor-element elementor-element-75397ad8 elementor-widget elementor-widget-text-editor\" data-id=\"75397ad8\" data-element_type=\"widget\" data-widget_type=\"text-editor.default\">\n\t\t\t\t<div class=\"elementor-widget-container\">\n\t\t\t\t\t\t\t\t\t\u00ab Ma premi\u00e8re journ\u00e9e s\u2019est d\u00e9roul\u00e9e exactement comme je l\u2019esp\u00e9rais\u202f: une journ\u00e9e charg\u00e9e o\u00f9 j\u2019ai pu faire connaissance avec beaucoup de personnes. \u00c0 mon avis, le pire pour un.e nouvel.le employ\u00e9.e, c\u2019est d\u2019\u00eatre laiss\u00e9.e seul.e devant son ordinateur avec toutes les questions qu\u2019on peut avoir \u00e0 son premier jour, surtout en t\u00e9l\u00e9travail. Je suis donc tr\u00e8s content d\u2019avoir eu droit \u00e0 une journ\u00e9e comme celle-l\u00e0! \u00bb\t\t\t\t\t\t\t\t<\/div>\n\t\t\t\t<\/div>\n\t\t\t\t<div class=\"elementor-element elementor-element-4b7375c elementor-widget elementor-widget-text-editor\" data-id=\"4b7375c\" data-element_type=\"widget\" data-widget_type=\"text-editor.default\">\n\t\t\t\t<div class=\"elementor-widget-container\">\n\t\t\t\t\t\t\t\t\t<p>Mohamed Rebai,<br \/>Gestionnaire, bureau de projets<\/p>\t\t\t\t\t\t\t\t<\/div>\n\t\t\t\t<\/div>\n\t\t\t\t<\/div>\n\t\t\t\t\t<\/div>\n\t\t\t\t<\/div>\n\t\t<div class=\"elementor-element elementor-element-4a9ffd2a e-flex e-con-boxed e-con e-parent\" data-id=\"4a9ffd2a\" data-element_type=\"container\">\n\t\t\t\t\t<div class=\"e-con-inner\">\n\t\t<div class=\"elementor-element elementor-element-6b5781c3 e-con-full e-flex e-con e-child\" data-id=\"6b5781c3\" data-element_type=\"container\">\n\t\t\t\t<div class=\"elementor-element elementor-element-7276717b elementor-widget elementor-widget-text-editor\" data-id=\"7276717b\" data-element_type=\"widget\" data-widget_type=\"text-editor.default\">\n\t\t\t\t<div class=\"elementor-widget-container\">\n\t\t\t\t\t\t\t\t\t\u00ab J\u2019ai beaucoup appr\u00e9ci\u00e9! Je dois avouer que j\u2019\u00e9tais un peu nerveux durant ma premi\u00e8re journ\u00e9e, mais je me suis senti tr\u00e8s bien accueilli par tout le monde. Mon \u00e9quipe m\u2019a rendu \u00e0 l\u2019aise et m\u2019a permis d\u2019\u00eatre moi-m\u00eame. L\u2019un de mes moments pr\u00e9f\u00e9r\u00e9s de ma premi\u00e8re journ\u00e9e a \u00e9t\u00e9 le d\u00eener avec mon \u00e9quipe. J\u2019ai pu apprendre \u00e0 conna\u00eetre mes coll\u00e8gues et d\u00e9velopper une relation \u00e9troite avec eux. \u00bb\t\t\t\t\t\t\t\t<\/div>\n\t\t\t\t<\/div>\n\t\t\t\t<div class=\"elementor-element elementor-element-795045b9 elementor-widget elementor-widget-text-editor\" data-id=\"795045b9\" data-element_type=\"widget\" data-widget_type=\"text-editor.default\">\n\t\t\t\t<div class=\"elementor-widget-container\">\n\t\t\t\t\t\t\t\t\t<p>Luiz Capelli Filho,<br \/>Sp\u00e9cialiste de l\u2019analytique<\/p>\t\t\t\t\t\t\t\t<\/div>\n\t\t\t\t<\/div>\n\t\t\t\t<\/div>\n\t\t\t\t\t<\/div>\n\t\t\t\t<\/div>\n\t\t<div class=\"elementor-element elementor-element-418ef429 e-flex e-con-boxed e-con e-parent\" data-id=\"418ef429\" data-element_type=\"container\">\n\t\t\t\t\t<div class=\"e-con-inner\">\n\t\t\t\t<div class=\"elementor-element elementor-element-228886cf elementor-widget elementor-widget-image\" data-id=\"228886cf\" data-element_type=\"widget\" data-widget_type=\"image.default\">\n\t\t\t\t<div class=\"elementor-widget-container\">\n\t\t\t\t\t\t\t\t\t\t\t\t\t\t\t<img decoding=\"async\" width=\"1482\" height=\"834\" src=\"https:\/\/nventive.com\/app\/uploads\/ta-premiere-semaine-essentiels-a-connaitre.webp\" class=\"attachment-full size-full wp-image-8287\" alt=\"La premi\u00e8re semaine\u202f: les indispensables \u00e0 avoir\" srcset=\"https:\/\/nventive.com\/app\/uploads\/ta-premiere-semaine-essentiels-a-connaitre.webp 1482w, https:\/\/nventive.com\/app\/uploads\/ta-premiere-semaine-essentiels-a-connaitre-300x169.webp 300w, https:\/\/nventive.com\/app\/uploads\/ta-premiere-semaine-essentiels-a-connaitre-1024x576.webp 1024w, https:\/\/nventive.com\/app\/uploads\/ta-premiere-semaine-essentiels-a-connaitre-768x432.webp 768w\" sizes=\"(max-width: 1482px) 100vw, 1482px\" \/>\t\t\t\t\t\t\t\t\t\t\t\t\t\t\t<\/div>\n\t\t\t\t<\/div>\n\t\t\t\t\t<\/div>\n\t\t\t\t<\/div>\n\t\t<div class=\"elementor-element elementor-element-362270d2 e-flex e-con-boxed e-con e-parent\" data-id=\"362270d2\" data-element_type=\"container\">\n\t\t\t\t\t<div class=\"e-con-inner\">\n\t\t\t\t<div class=\"elementor-element elementor-element-5f24b5fc elementor-widget elementor-widget-heading\" data-id=\"5f24b5fc\" data-element_type=\"widget\" data-widget_type=\"heading.default\">\n\t\t\t\t<div class=\"elementor-widget-container\">\n\t\t\t\t\t<h2 class=\"elementor-heading-title elementor-size-default\">La premi\u00e8re semaine\u202f: les indispensables \u00e0 avoir<\/h2>\t\t\t\t<\/div>\n\t\t\t\t<\/div>\n\t\t\t\t<div class=\"elementor-element elementor-element-56de55f3 elementor-widget elementor-widget-text-editor\" data-id=\"56de55f3\" data-element_type=\"widget\" data-widget_type=\"text-editor.default\">\n\t\t\t\t<div class=\"elementor-widget-container\">\n\t\t\t\t\t\t\t\t\t<ul><li><strong>Discute quotidiennement avec ton buddy<\/strong>\u202f: Ton buddy s\u2019assure de planifier des moments avec toi au courant de la semaine et veille \u00e0 ce que tu aies tous tes acc\u00e8s.<\/li><li><strong>Finalise l\u2019installation de ton mat\u00e9riel\u202f<\/strong>: Tu auras l\u2019occasion de bien te poser, de t\u2019assurer d\u2019avoir tout ce qu\u2019il te faut pour un espace ergonomique et efficac<strong>e!<\/strong><\/li><li><strong>Participe \u00e0 l\u2019activit\u00e9 sociale au bureau, le fameux \u00ab\u202fFun Thursday\u202f\u00bb<\/strong>\u202f: Chaque jeudi, notre club social nous trouve une bonne excuse pour que nous nous retrouvions tous ensemble, que ce soit pour un d\u00e9jeuner, une d\u00e9gustation ou un verre.<\/li><li><strong>Rencontre les membres de ton \u00e9quipe et l\u2019administration<\/strong>\u202f: Ces rencontres individuelles te permettront de mettre un visage sur l\u2019organigramme de l\u2019entreprise.<\/li><\/ul>\t\t\t\t\t\t\t\t<\/div>\n\t\t\t\t<\/div>\n\t\t\t\t\t<\/div>\n\t\t\t\t<\/div>\n\t\t<div class=\"elementor-element elementor-element-6438a18a e-flex e-con-boxed e-con e-parent\" data-id=\"6438a18a\" data-element_type=\"container\">\n\t\t\t\t\t<div class=\"e-con-inner\">\n\t\t<div class=\"elementor-element elementor-element-787e1553 e-con-full e-flex e-con e-child\" data-id=\"787e1553\" data-element_type=\"container\">\n\t\t\t\t<div class=\"elementor-element elementor-element-3e2fa223 elementor-widget elementor-widget-text-editor\" data-id=\"3e2fa223\" data-element_type=\"widget\" data-widget_type=\"text-editor.default\">\n\t\t\t\t<div class=\"elementor-widget-container\">\n\t\t\t\t\t\t\t\t\t\u00ab J\u2019ai \u00e0 c\u0153ur de rencontrer chaque nouvel.le employ\u00e9.e. C\u2019est important que les gens comprennent le climat d\u2019ouverture et de transparence chez nventive, qui va du haut de la direction \u00e0 l\u2019ensemble de l\u2019\u00e9quipe. C\u2019est aussi l\u2019occasion d\u2019en savoir plus sur chaque personne\u202f: une organisation, c\u2019est l\u2019ensemble des personnalit\u00e9s qui la composent. Donc rencontrer tout le monde, \u00e7a me donne une bonne id\u00e9e de la personnalit\u00e9 de nventive et de la fa\u00e7on dont elle \u00e9volue. \u00bb\t\t\t\t\t\t\t\t<\/div>\n\t\t\t\t<\/div>\n\t\t\t\t<div class=\"elementor-element elementor-element-69acbd73 elementor-widget elementor-widget-text-editor\" data-id=\"69acbd73\" data-element_type=\"widget\" data-widget_type=\"text-editor.default\">\n\t\t\t\t<div class=\"elementor-widget-container\">\n\t\t\t\t\t\t\t\t\t<p>Claude Lamoureux,<br \/>Vice-pr\u00e9sident et directeur g\u00e9n\u00e9ral<\/p>\t\t\t\t\t\t\t\t<\/div>\n\t\t\t\t<\/div>\n\t\t\t\t<\/div>\n\t\t\t\t\t<\/div>\n\t\t\t\t<\/div>\n\t\t<div class=\"elementor-element elementor-element-46d7324b e-flex e-con-boxed e-con e-parent\" data-id=\"46d7324b\" data-element_type=\"container\">\n\t\t\t\t\t<div class=\"e-con-inner\">\n\t\t<div class=\"elementor-element elementor-element-771e53f1 e-con-full e-flex e-con e-child\" data-id=\"771e53f1\" data-element_type=\"container\">\n\t\t\t\t<div class=\"elementor-element elementor-element-2c8cbb1 elementor-widget elementor-widget-text-editor\" data-id=\"2c8cbb1\" data-element_type=\"widget\" data-widget_type=\"text-editor.default\">\n\t\t\t\t<div class=\"elementor-widget-container\">\n\t\t\t\t\t\t\t\t\t\u00ab Au-del\u00e0 des aspects techniques, ces rencontres m\u2019ont permis de comprendre les valeurs de l\u2019entreprise, sa strat\u00e9gie et comment le r\u00f4le de Product Owner s\u2019int\u00e8gre plus largement dans l\u2019entreprise, aux c\u00f4t\u00e9s des autres expertises. \u00bb\t\t\t\t\t\t\t\t<\/div>\n\t\t\t\t<\/div>\n\t\t\t\t<div class=\"elementor-element elementor-element-2e142f33 elementor-widget elementor-widget-text-editor\" data-id=\"2e142f33\" data-element_type=\"widget\" data-widget_type=\"text-editor.default\">\n\t\t\t\t<div class=\"elementor-widget-container\">\n\t\t\t\t\t\t\t\t\t<p>Christelle Lopez, <br \/>Product Owner<\/p>\t\t\t\t\t\t\t\t<\/div>\n\t\t\t\t<\/div>\n\t\t\t\t<\/div>\n\t\t\t\t\t<\/div>\n\t\t\t\t<\/div>\n\t\t<div class=\"elementor-element elementor-element-60c3f186 e-flex e-con-boxed e-con e-parent\" data-id=\"60c3f186\" data-element_type=\"container\">\n\t\t\t\t\t<div class=\"e-con-inner\">\n\t\t\t\t<div class=\"elementor-element elementor-element-6c83dfd5 elementor-widget elementor-widget-image\" data-id=\"6c83dfd5\" data-element_type=\"widget\" data-widget_type=\"image.default\">\n\t\t\t\t<div class=\"elementor-widget-container\">\n\t\t\t\t\t\t\t\t\t\t\t\t\t\t\t<img decoding=\"async\" width=\"1482\" height=\"834\" src=\"https:\/\/nventive.com\/app\/uploads\/premier-mois-prise-en-main-progressive-des-missions.webp\" class=\"attachment-full size-full wp-image-8289\" alt=\"Le premier mois\u202f: la prise en main progressive des missions\" srcset=\"https:\/\/nventive.com\/app\/uploads\/premier-mois-prise-en-main-progressive-des-missions.webp 1482w, https:\/\/nventive.com\/app\/uploads\/premier-mois-prise-en-main-progressive-des-missions-300x169.webp 300w, https:\/\/nventive.com\/app\/uploads\/premier-mois-prise-en-main-progressive-des-missions-1024x576.webp 1024w, https:\/\/nventive.com\/app\/uploads\/premier-mois-prise-en-main-progressive-des-missions-768x432.webp 768w\" sizes=\"(max-width: 1482px) 100vw, 1482px\" \/>\t\t\t\t\t\t\t\t\t\t\t\t\t\t\t<\/div>\n\t\t\t\t<\/div>\n\t\t\t\t\t<\/div>\n\t\t\t\t<\/div>\n\t\t<div class=\"elementor-element elementor-element-342a9b3d e-flex e-con-boxed e-con e-parent\" data-id=\"342a9b3d\" data-element_type=\"container\">\n\t\t\t\t\t<div class=\"e-con-inner\">\n\t\t\t\t<div class=\"elementor-element elementor-element-dfaf05b elementor-widget elementor-widget-heading\" data-id=\"dfaf05b\" data-element_type=\"widget\" data-widget_type=\"heading.default\">\n\t\t\t\t<div class=\"elementor-widget-container\">\n\t\t\t\t\t<h2 class=\"elementor-heading-title elementor-size-default\">Le premier mois\u202f: la prise en main progressive des missions<\/h2>\t\t\t\t<\/div>\n\t\t\t\t<\/div>\n\t\t\t\t<div class=\"elementor-element elementor-element-ca8f6f9 elementor-widget elementor-widget-text-editor\" data-id=\"ca8f6f9\" data-element_type=\"widget\" data-widget_type=\"text-editor.default\">\n\t\t\t\t<div class=\"elementor-widget-container\">\n\t\t\t\t\t\t\t\t\t<ul><li><strong>Participe \u00e0 des formations compl\u00e9mentaires<\/strong>\u202f: Nous veillons \u00e0 t\u2019offrir la possibilit\u00e9 de te b\u00e2tir de nouvelles connaissances, qu\u2019elles soient parall\u00e8les ou dans ton domaine ou parall\u00e8le.<\/li><li><strong>Prend le temps de lire les documents d\u2019accueil<\/strong>\u202f: Ces guides complets te permettront de t\u2019approprier nos valeurs et de bien mettre en pratique nos politiques.<\/li><li><strong>Int\u00e9gration \u00e0 des projets<\/strong>\u202f: \u00c7a y est! Apr\u00e8s qu\u2019un projet te soit devenu familier, c\u2019est le moment de t\u2019y int\u00e9grer et de le faire avancer.<\/li><li><strong>Assiste au Town Hall<\/strong>\u202f: Ce grand rassemblement mensuel t\u2019offre de la visibilit\u00e9 sur l\u2019ensemble des projets et des accomplissements de l\u2019entreprise.<\/li><\/ul>\t\t\t\t\t\t\t\t<\/div>\n\t\t\t\t<\/div>\n\t\t\t\t\t<\/div>\n\t\t\t\t<\/div>\n\t\t<div class=\"elementor-element elementor-element-75910c2f e-flex e-con-boxed e-con e-parent\" data-id=\"75910c2f\" data-element_type=\"container\">\n\t\t\t\t\t<div class=\"e-con-inner\">\n\t\t<div class=\"elementor-element elementor-element-1c07299f e-con-full e-flex e-con e-child\" data-id=\"1c07299f\" data-element_type=\"container\">\n\t\t\t\t<div class=\"elementor-element elementor-element-7681bfda elementor-widget elementor-widget-text-editor\" data-id=\"7681bfda\" data-element_type=\"widget\" data-widget_type=\"text-editor.default\">\n\t\t\t\t<div class=\"elementor-widget-container\">\n\t\t\t\t\t\t\t\t\t<p>\u00ab Ce que j\u2019ai le plus appr\u00e9ci\u00e9 a \u00e9t\u00e9 la disponibilit\u00e9 et l\u2019envie d\u2019aider de tous! Apr\u00e8s un mois, je me sens bien dans mon projet actuel, et si besoin, je sais que mon \u00e9quipe est derri\u00e8re moi. Tout le monde est tr\u00e8s sympa, pr\u00e9sent et n\u2019h\u00e9site pas \u00e0 offrir son aide, au cas o\u00f9. C\u2019est exactement ce que je recherchais dans une \u00e9quipe. \u00bb<\/p>\t\t\t\t\t\t\t\t<\/div>\n\t\t\t\t<\/div>\n\t\t\t\t<div class=\"elementor-element elementor-element-4f06e85a elementor-widget elementor-widget-text-editor\" data-id=\"4f06e85a\" data-element_type=\"widget\" data-widget_type=\"text-editor.default\">\n\t\t\t\t<div class=\"elementor-widget-container\">\n\t\t\t\t\t\t\t\t\t<p>Mathias Lachot,<br \/>D\u00e9veloppeur mobile<\/p>\t\t\t\t\t\t\t\t<\/div>\n\t\t\t\t<\/div>\n\t\t\t\t<\/div>\n\t\t\t\t\t<\/div>\n\t\t\t\t<\/div>\n\t\t<div class=\"elementor-element elementor-element-7f723e6e e-flex e-con-boxed e-con e-parent\" data-id=\"7f723e6e\" data-element_type=\"container\">\n\t\t\t\t\t<div class=\"e-con-inner\">\n\t\t<div class=\"elementor-element elementor-element-b6cfcf3 e-con-full e-flex e-con e-child\" data-id=\"b6cfcf3\" data-element_type=\"container\">\n\t\t\t\t<div class=\"elementor-element elementor-element-367d45ee elementor-widget elementor-widget-text-editor\" data-id=\"367d45ee\" data-element_type=\"widget\" data-widget_type=\"text-editor.default\">\n\t\t\t\t<div class=\"elementor-widget-container\">\n\t\t\t\t\t\t\t\t\t\u00ab Dans l\u2019ensemble, \u00e7a a \u00e9t\u00e9 un super processus d\u2019int\u00e9gration! Je n\u2019ai jamais v\u00e9cu quoi que ce soit qui s\u2019y rapproche, et le soutien et le souci du d\u00e9tail de tout le monde pour tout ce dont j\u2019avais besoin ont \u00e9t\u00e9 incroyables. Mais ce que j\u2019ai le plus aim\u00e9, \u00e7a a \u00e9t\u00e9 les r\u00e9flexions offertes non seulement par mon \u00e9quipe, mais par tout le monde \u00e0 qui je parle, et qui continuent de le faire \u00e0 ce jour. \u00bb\t\t\t\t\t\t\t\t<\/div>\n\t\t\t\t<\/div>\n\t\t\t\t<div class=\"elementor-element elementor-element-9d22afd elementor-widget elementor-widget-text-editor\" data-id=\"9d22afd\" data-element_type=\"widget\" data-widget_type=\"text-editor.default\">\n\t\t\t\t<div class=\"elementor-widget-container\">\n\t\t\t\t\t\t\t\t\t<p>Luiz Capelli Filho,<br \/>Sp\u00e9cialiste de l\u2019analytique<\/p>\t\t\t\t\t\t\t\t<\/div>\n\t\t\t\t<\/div>\n\t\t\t\t<\/div>\n\t\t\t\t\t<\/div>\n\t\t\t\t<\/div>\n\t\t<div class=\"elementor-element elementor-element-270c52ba e-flex e-con-boxed e-con e-parent\" data-id=\"270c52ba\" data-element_type=\"container\">\n\t\t\t\t\t<div class=\"e-con-inner\">\n\t\t\t\t<div class=\"elementor-element elementor-element-554a9c2f elementor-widget elementor-widget-heading\" data-id=\"554a9c2f\" data-element_type=\"widget\" data-widget_type=\"heading.default\">\n\t\t\t\t<div class=\"elementor-widget-container\">\n\t\t\t\t\t<h2 class=\"elementor-heading-title elementor-size-default\">Notre vision de l\u2019accueil et de l\u2019int\u00e9gration<\/h2>\t\t\t\t<\/div>\n\t\t\t\t<\/div>\n\t\t\t\t<div class=\"elementor-element elementor-element-d9c7943 elementor-widget elementor-widget-text-editor\" data-id=\"d9c7943\" data-element_type=\"widget\" data-widget_type=\"text-editor.default\">\n\t\t\t\t<div class=\"elementor-widget-container\">\n\t\t\t\t\t\t\t\t\t<p>Notre \u00e9quipe Talents et Culture ne se contente pas de simplement suivre les \u00e9tapes d\u2019une recette pr\u00e9\u00e9tablie. Elle pilote l\u2019arriv\u00e9e de chaque talent, en s\u2019assurant de continuellement de peaufiner le processus.<br \/><br \/>Comme le pr\u00e9cise Sophie, Conseill\u00e8re Talents et Culture, l\u2019\u00e9quipe tente de r\u00e9pondre aux questions et de s\u2019assurer que tout se passe bien dans ces premi\u00e8res semaines afin de bien r\u00e9pondre aux besoins de la nouvelle embauche, que ce soit son mat\u00e9riel ou ses formations connexes.<\/p>\t\t\t\t\t\t\t\t<\/div>\n\t\t\t\t<\/div>\n\t\t\t\t\t<\/div>\n\t\t\t\t<\/div>\n\t\t<div class=\"elementor-element elementor-element-3253ea28 e-flex e-con-boxed e-con e-parent\" data-id=\"3253ea28\" data-element_type=\"container\">\n\t\t\t\t\t<div class=\"e-con-inner\">\n\t\t<div class=\"elementor-element elementor-element-b139d62 e-con-full e-flex e-con e-child\" data-id=\"b139d62\" data-element_type=\"container\">\n\t\t\t\t<div class=\"elementor-element elementor-element-639136da elementor-widget elementor-widget-text-editor\" data-id=\"639136da\" data-element_type=\"widget\" data-widget_type=\"text-editor.default\">\n\t\t\t\t<div class=\"elementor-widget-container\">\n\t\t\t\t\t\t\t\t\t\u00ab L\u2019objectif, c\u2019est de fournir un cadre pour que la nouvelle personne puisse se sentir \u00e0 l\u2019aise rapidement dans son poste. C\u2019est la raison pour laquelle nous cr\u00e9ons des espaces de rencontre avec diff\u00e9rents intervenants avec lesquels la nouvelle personne aura l\u2019occasion de collaborer dans son parcours. \u00bb\t\t\t\t\t\t\t\t<\/div>\n\t\t\t\t<\/div>\n\t\t\t\t<div class=\"elementor-element elementor-element-7cac7695 elementor-widget elementor-widget-text-editor\" data-id=\"7cac7695\" data-element_type=\"widget\" data-widget_type=\"text-editor.default\">\n\t\t\t\t<div class=\"elementor-widget-container\">\n\t\t\t\t\t\t\t\t\t<p>Malye Bourgault,<br \/>Directrice, Talents et Culture<\/p>\t\t\t\t\t\t\t\t<\/div>\n\t\t\t\t<\/div>\n\t\t\t\t<\/div>\n\t\t\t\t\t<\/div>\n\t\t\t\t<\/div>\n\t\t<div class=\"elementor-element elementor-element-59f3d9e e-con-full e-flex e-con e-parent\" data-id=\"59f3d9e\" data-element_type=\"container\">\n\t\t\t\t<div class=\"elementor-element elementor-element-78cc544 elementor-widget elementor-widget-template\" data-id=\"78cc544\" data-element_type=\"widget\" data-widget_type=\"template.default\">\n\t\t\t\t<div class=\"elementor-widget-container\">\n\t\t\t\t\t\t\t<div class=\"elementor-template\">\n\t\t\t\t\t<div data-elementor-type=\"container\" data-elementor-id=\"12184\" class=\"elementor elementor-12184\" data-elementor-post-type=\"elementor_library\">\n\t\t\t\t<div class=\"elementor-element elementor-element-40d5957e e-flex e-con-boxed e-con e-parent\" data-id=\"40d5957e\" data-element_type=\"container\">\n\t\t\t\t\t<div class=\"e-con-inner\">\n\t\t<div class=\"elementor-element elementor-element-1b78efbf e-con-full e-flex e-con e-child\" data-id=\"1b78efbf\" data-element_type=\"container\">\n\t\t\t\t<div class=\"elementor-element elementor-element-7e14a4ef elementor-widget elementor-widget-heading\" data-id=\"7e14a4ef\" data-element_type=\"widget\" data-widget_type=\"heading.default\">\n\t\t\t\t<div class=\"elementor-widget-container\">\n\t\t\t\t\t<h2 class=\"elementor-heading-title elementor-size-default\">Articles en vedette<\/h2>\t\t\t\t<\/div>\n\t\t\t\t<\/div>\n\t\t\t\t<div class=\"elementor-element elementor-element-2902db16 elementor-widget elementor-widget-nv-button\" data-id=\"2902db16\" data-element_type=\"widget\" data-widget_type=\"nv-button.default\">\n\t\t\t\t<div class=\"elementor-widget-container\">\n\t\t\t\t\t\n                <a\n            class=\"nv-button  nv-button--style--desktop--outline-icon nv-button--style--laptop--outline-icon nv-button--style--tablet--outline-icon nv-button--style--mobile--outline-icon nv-button--theme--desktop--dark nv-button--theme--laptop--dark nv-button--theme--tablet--dark nv-button--theme--mobile--dark\" href=\"https:\/\/nventive.com\/fr\/blogue\/\" aria-label=\"Voir tous les articles\"        >\n            <span class=\"nv-button__text\">Voir tous les articles<\/span>\n            <span class=\"nv-button__icon\">\n                <i aria-hidden=\"true\" class=\"myemoji-icon my-emoji-iconarrow_right_alt\"><\/i>            <\/span>\n        <\/a>\n            \t\t\t\t<\/div>\n\t\t\t\t<\/div>\n\t\t\t\t<\/div>\n\t\t\t\t<div class=\"elementor-element elementor-element-2e3d033e elementor-grid-3 elementor-grid-tablet-2 elementor-grid-mobile-1 elementor-widget elementor-widget-loop-grid\" data-id=\"2e3d033e\" data-element_type=\"widget\" data-settings=\"{&quot;template_id&quot;:5334,&quot;_skin&quot;:&quot;post&quot;,&quot;columns&quot;:&quot;3&quot;,&quot;columns_tablet&quot;:&quot;2&quot;,&quot;columns_mobile&quot;:&quot;1&quot;,&quot;edit_handle_selector&quot;:&quot;[data-elementor-type=\\&quot;loop-item\\&quot;]&quot;,&quot;row_gap&quot;:{&quot;unit&quot;:&quot;px&quot;,&quot;size&quot;:&quot;&quot;,&quot;sizes&quot;:[]},&quot;row_gap_laptop&quot;:{&quot;unit&quot;:&quot;px&quot;,&quot;size&quot;:&quot;&quot;,&quot;sizes&quot;:[]},&quot;row_gap_tablet&quot;:{&quot;unit&quot;:&quot;px&quot;,&quot;size&quot;:&quot;&quot;,&quot;sizes&quot;:[]},&quot;row_gap_mobile&quot;:{&quot;unit&quot;:&quot;px&quot;,&quot;size&quot;:&quot;&quot;,&quot;sizes&quot;:[]}}\" data-widget_type=\"loop-grid.post\">\n\t\t\t\t<div class=\"elementor-widget-container\">\n\t\t\t\t\t\t\t<div class=\"e-loop-nothing-found-message\">\n\t\t<\/div>\n\t\t\t\t\t\t<\/div>\n\t\t\t\t<\/div>\n\t\t\t\t\t<\/div>\n\t\t\t\t<\/div>\n\t\t\t\t<\/div>\n\t\t\t\t<\/div>\n\t\t\t\t\t\t<\/div>\n\t\t\t\t<\/div>\n\t\t\t\t<\/div>\n\t\t\t\t<\/div>\n\t\t","protected":false},"excerpt":{"rendered":"<p>Ton contrat est sign\u00e9, tes documents sont envoy\u00e9s, tes informations sont transmises\u2026 Tu as m\u00eame re\u00e7u ta bo\u00eete de bienvenue et ton mat\u00e9riel informatique!<\/p>\n","protected":false},"author":3,"featured_media":8106,"comment_status":"closed","ping_status":"closed","sticky":false,"template":"","format":"standard","meta":{"_acf_changed":false,"content-type":"","_jetpack_memberships_contains_paid_content":false,"footnotes":""},"categories":[34],"tags":[],"main_article":[],"class_list":["post-8074","post","type-post","status-publish","format-standard","has-post-thumbnail","hentry","category-experts"],"acf":[],"yoast_head":"<!-- This site is optimized with the Yoast SEO plugin v25.2 - https:\/\/yoast.com\/wordpress\/plugins\/seo\/ -->\n<title>\u00c0 quoi ressemble ton premier mois chez nventive? | nventive<\/title>\n<meta name=\"description\" content=\"D\u00e9couvrez \u00e0 quoi ressemble le premier mois chez nventive gr\u00e2ce \u00e0 un processus d\u2019accueil et d\u2019int\u00e9gration con\u00e7u pour faciliter votre transition et assurer votre r\u00e9ussite.\" \/>\n<meta name=\"robots\" content=\"index, follow, max-snippet:-1, max-image-preview:large, max-video-preview:-1\" \/>\n<link rel=\"canonical\" href=\"https:\/\/nventive.com\/fr\/articles\/accueil-et-integration-ton-premier-mois-chez-nventive\/\" \/>\n<meta property=\"og:locale\" content=\"fr_FR\" \/>\n<meta property=\"og:type\" content=\"article\" \/>\n<meta property=\"og:title\" content=\"\u00c0 quoi ressemble ton premier mois chez nventive? | nventive\" \/>\n<meta property=\"og:description\" content=\"D\u00e9couvrez \u00e0 quoi ressemble le premier mois chez nventive gr\u00e2ce \u00e0 un processus d\u2019accueil et d\u2019int\u00e9gration con\u00e7u pour faciliter votre transition et assurer votre r\u00e9ussite.\" \/>\n<meta property=\"og:url\" content=\"https:\/\/nventive.com\/fr\/articles\/accueil-et-integration-ton-premier-mois-chez-nventive\/\" \/>\n<meta property=\"og:site_name\" content=\"nventive\" \/>\n<meta property=\"article:published_time\" content=\"2023-02-02T13:00:00+00:00\" \/>\n<meta property=\"article:modified_time\" content=\"2025-01-30T18:40:31+00:00\" \/>\n<meta property=\"og:image\" content=\"https:\/\/nventive.com\/app\/uploads\/accueil-integration\u202f-a-quoi-ressemble-ton-premier-mois-chez-nventive.webp\" \/>\n\t<meta property=\"og:image:width\" content=\"842\" \/>\n\t<meta property=\"og:image:height\" content=\"561\" \/>\n\t<meta property=\"og:image:type\" content=\"image\/webp\" \/>\n<meta name=\"author\" content=\"nventive\" \/>\n<meta name=\"twitter:card\" content=\"summary_large_image\" \/>\n<meta name=\"twitter:label1\" content=\"Written by\" \/>\n\t<meta name=\"twitter:data1\" content=\"nventive\" \/>\n\t<meta name=\"twitter:label2\" content=\"Est. reading time\" \/>\n\t<meta name=\"twitter:data2\" content=\"7 minutes\" \/>\n<script type=\"application\/ld+json\" class=\"yoast-schema-graph\">{\"@context\":\"https:\/\/schema.org\",\"@graph\":[{\"@type\":\"Article\",\"@id\":\"https:\/\/nventive.com\/fr\/articles\/accueil-et-integration-ton-premier-mois-chez-nventive\/#article\",\"isPartOf\":{\"@id\":\"https:\/\/nventive.com\/fr\/articles\/accueil-et-integration-ton-premier-mois-chez-nventive\/\"},\"author\":{\"name\":\"nventive\",\"@id\":\"https:\/\/nventive.com\/fr\/#\/schema\/person\/4669a628d5e8b86da71213be631ee379\"},\"headline\":\"Accueil et int\u00e9gration\u202f: \u00e0 quoi ressemble ton premier mois chez nventive?\",\"datePublished\":\"2023-02-02T13:00:00+00:00\",\"dateModified\":\"2025-01-30T18:40:31+00:00\",\"mainEntityOfPage\":{\"@id\":\"https:\/\/nventive.com\/fr\/articles\/accueil-et-integration-ton-premier-mois-chez-nventive\/\"},\"wordCount\":1219,\"publisher\":{\"@id\":\"https:\/\/nventive.com\/fr\/#organization\"},\"image\":{\"@id\":\"https:\/\/nventive.com\/fr\/articles\/accueil-et-integration-ton-premier-mois-chez-nventive\/#primaryimage\"},\"thumbnailUrl\":\"https:\/\/nventive.com\/app\/uploads\/accueil-integration\u202f-a-quoi-ressemble-ton-premier-mois-chez-nventive.webp\",\"articleSection\":[\"Experts\"],\"inLanguage\":\"fr-FR\"},{\"@type\":\"WebPage\",\"@id\":\"https:\/\/nventive.com\/fr\/articles\/accueil-et-integration-ton-premier-mois-chez-nventive\/\",\"url\":\"https:\/\/nventive.com\/fr\/articles\/accueil-et-integration-ton-premier-mois-chez-nventive\/\",\"name\":\"\u00c0 quoi ressemble ton premier mois chez nventive? | nventive\",\"isPartOf\":{\"@id\":\"https:\/\/nventive.com\/fr\/#website\"},\"primaryImageOfPage\":{\"@id\":\"https:\/\/nventive.com\/fr\/articles\/accueil-et-integration-ton-premier-mois-chez-nventive\/#primaryimage\"},\"image\":{\"@id\":\"https:\/\/nventive.com\/fr\/articles\/accueil-et-integration-ton-premier-mois-chez-nventive\/#primaryimage\"},\"thumbnailUrl\":\"https:\/\/nventive.com\/app\/uploads\/accueil-integration\u202f-a-quoi-ressemble-ton-premier-mois-chez-nventive.webp\",\"datePublished\":\"2023-02-02T13:00:00+00:00\",\"dateModified\":\"2025-01-30T18:40:31+00:00\",\"description\":\"D\u00e9couvrez \u00e0 quoi ressemble le premier mois chez nventive gr\u00e2ce \u00e0 un processus d\u2019accueil et d\u2019int\u00e9gration con\u00e7u pour faciliter votre transition et assurer votre r\u00e9ussite.\",\"breadcrumb\":{\"@id\":\"https:\/\/nventive.com\/fr\/articles\/accueil-et-integration-ton-premier-mois-chez-nventive\/#breadcrumb\"},\"inLanguage\":\"fr-FR\",\"potentialAction\":[{\"@type\":\"ReadAction\",\"target\":[\"https:\/\/nventive.com\/fr\/articles\/accueil-et-integration-ton-premier-mois-chez-nventive\/\"]}]},{\"@type\":\"ImageObject\",\"inLanguage\":\"fr-FR\",\"@id\":\"https:\/\/nventive.com\/fr\/articles\/accueil-et-integration-ton-premier-mois-chez-nventive\/#primaryimage\",\"url\":\"https:\/\/nventive.com\/app\/uploads\/accueil-integration\u202f-a-quoi-ressemble-ton-premier-mois-chez-nventive.webp\",\"contentUrl\":\"https:\/\/nventive.com\/app\/uploads\/accueil-integration\u202f-a-quoi-ressemble-ton-premier-mois-chez-nventive.webp\",\"width\":842,\"height\":561,\"caption\":\"Accueil et int\u00e9gration\u202f: \u00e0 quoi ressemble ton premier mois chez nventive?\"},{\"@type\":\"BreadcrumbList\",\"@id\":\"https:\/\/nventive.com\/fr\/articles\/accueil-et-integration-ton-premier-mois-chez-nventive\/#breadcrumb\",\"itemListElement\":[{\"@type\":\"ListItem\",\"position\":1,\"name\":\"Accueil\",\"item\":\"https:\/\/nventive.com\/fr\/\"},{\"@type\":\"ListItem\",\"position\":2,\"name\":\"Accueil et int\u00e9gration\u202f: \u00e0 quoi ressemble ton premier mois chez nventive?\"}]},{\"@type\":\"WebSite\",\"@id\":\"https:\/\/nventive.com\/fr\/#website\",\"url\":\"https:\/\/nventive.com\/fr\/\",\"name\":\"nventive\",\"description\":\"D\u00e9veloppement mobile et logiciel \u00e0 Montr\u00e9al\",\"publisher\":{\"@id\":\"https:\/\/nventive.com\/fr\/#organization\"},\"potentialAction\":[{\"@type\":\"SearchAction\",\"target\":{\"@type\":\"EntryPoint\",\"urlTemplate\":\"https:\/\/nventive.com\/fr\/?s={search_term_string}\"},\"query-input\":{\"@type\":\"PropertyValueSpecification\",\"valueRequired\":true,\"valueName\":\"search_term_string\"}}],\"inLanguage\":\"fr-FR\"},{\"@type\":\"Organization\",\"@id\":\"https:\/\/nventive.com\/fr\/#organization\",\"name\":\"nventive\",\"url\":\"https:\/\/nventive.com\/fr\/\",\"logo\":{\"@type\":\"ImageObject\",\"inLanguage\":\"fr-FR\",\"@id\":\"https:\/\/nventive.com\/fr\/#\/schema\/logo\/image\/\",\"url\":\"\",\"contentUrl\":\"\",\"caption\":\"nventive\"},\"image\":{\"@id\":\"https:\/\/nventive.com\/fr\/#\/schema\/logo\/image\/\"},\"sameAs\":[\"https:\/\/www.linkedin.com\/company\/nventive\/\",\"https:\/\/www.instagram.com\/hellonventive\/\",\"https:\/\/www.youtube.com\/channel\/UCFQyvGEKMO10hEyvCqprp5w\"]},{\"@type\":\"Person\",\"@id\":\"https:\/\/nventive.com\/fr\/#\/schema\/person\/4669a628d5e8b86da71213be631ee379\",\"name\":\"nventive\",\"image\":{\"@type\":\"ImageObject\",\"inLanguage\":\"fr-FR\",\"@id\":\"https:\/\/nventive.com\/fr\/#\/schema\/person\/image\/\",\"url\":\"https:\/\/secure.gravatar.com\/avatar\/36dfee0d60b70674aca73f8dc387c367c60e0c101e04254f979ad77fe5b42d52?s=96&d=mm&r=g\",\"contentUrl\":\"https:\/\/secure.gravatar.com\/avatar\/36dfee0d60b70674aca73f8dc387c367c60e0c101e04254f979ad77fe5b42d52?s=96&d=mm&r=g\",\"caption\":\"nventive\"}}]}<\/script>\n<!-- \/ Yoast SEO plugin. -->","yoast_head_json":{"title":"\u00c0 quoi ressemble ton premier mois chez nventive? | nventive","description":"D\u00e9couvrez \u00e0 quoi ressemble le premier mois chez nventive gr\u00e2ce \u00e0 un processus d\u2019accueil et d\u2019int\u00e9gration con\u00e7u pour faciliter votre transition et assurer votre r\u00e9ussite.","robots":{"index":"index","follow":"follow","max-snippet":"max-snippet:-1","max-image-preview":"max-image-preview:large","max-video-preview":"max-video-preview:-1"},"canonical":"https:\/\/nventive.com\/fr\/articles\/accueil-et-integration-ton-premier-mois-chez-nventive\/","og_locale":"fr_FR","og_type":"article","og_title":"\u00c0 quoi ressemble ton premier mois chez nventive? | nventive","og_description":"D\u00e9couvrez \u00e0 quoi ressemble le premier mois chez nventive gr\u00e2ce \u00e0 un processus d\u2019accueil et d\u2019int\u00e9gration con\u00e7u pour faciliter votre transition et assurer votre r\u00e9ussite.","og_url":"https:\/\/nventive.com\/fr\/articles\/accueil-et-integration-ton-premier-mois-chez-nventive\/","og_site_name":"nventive","article_published_time":"2023-02-02T13:00:00+00:00","article_modified_time":"2025-01-30T18:40:31+00:00","og_image":[{"width":842,"height":561,"url":"https:\/\/nventive.com\/app\/uploads\/accueil-integration\u202f-a-quoi-ressemble-ton-premier-mois-chez-nventive.webp","type":"image\/webp"}],"author":"nventive","twitter_card":"summary_large_image","twitter_misc":{"Written by":"nventive","Est. reading time":"7 minutes"},"schema":{"@context":"https:\/\/schema.org","@graph":[{"@type":"Article","@id":"https:\/\/nventive.com\/fr\/articles\/accueil-et-integration-ton-premier-mois-chez-nventive\/#article","isPartOf":{"@id":"https:\/\/nventive.com\/fr\/articles\/accueil-et-integration-ton-premier-mois-chez-nventive\/"},"author":{"name":"nventive","@id":"https:\/\/nventive.com\/fr\/#\/schema\/person\/4669a628d5e8b86da71213be631ee379"},"headline":"Accueil et int\u00e9gration\u202f: \u00e0 quoi ressemble ton premier mois chez nventive?","datePublished":"2023-02-02T13:00:00+00:00","dateModified":"2025-01-30T18:40:31+00:00","mainEntityOfPage":{"@id":"https:\/\/nventive.com\/fr\/articles\/accueil-et-integration-ton-premier-mois-chez-nventive\/"},"wordCount":1219,"publisher":{"@id":"https:\/\/nventive.com\/fr\/#organization"},"image":{"@id":"https:\/\/nventive.com\/fr\/articles\/accueil-et-integration-ton-premier-mois-chez-nventive\/#primaryimage"},"thumbnailUrl":"https:\/\/nventive.com\/app\/uploads\/accueil-integration\u202f-a-quoi-ressemble-ton-premier-mois-chez-nventive.webp","articleSection":["Experts"],"inLanguage":"fr-FR"},{"@type":"WebPage","@id":"https:\/\/nventive.com\/fr\/articles\/accueil-et-integration-ton-premier-mois-chez-nventive\/","url":"https:\/\/nventive.com\/fr\/articles\/accueil-et-integration-ton-premier-mois-chez-nventive\/","name":"\u00c0 quoi ressemble ton premier mois chez nventive? | nventive","isPartOf":{"@id":"https:\/\/nventive.com\/fr\/#website"},"primaryImageOfPage":{"@id":"https:\/\/nventive.com\/fr\/articles\/accueil-et-integration-ton-premier-mois-chez-nventive\/#primaryimage"},"image":{"@id":"https:\/\/nventive.com\/fr\/articles\/accueil-et-integration-ton-premier-mois-chez-nventive\/#primaryimage"},"thumbnailUrl":"https:\/\/nventive.com\/app\/uploads\/accueil-integration\u202f-a-quoi-ressemble-ton-premier-mois-chez-nventive.webp","datePublished":"2023-02-02T13:00:00+00:00","dateModified":"2025-01-30T18:40:31+00:00","description":"D\u00e9couvrez \u00e0 quoi ressemble le premier mois chez nventive gr\u00e2ce \u00e0 un processus d\u2019accueil et d\u2019int\u00e9gration con\u00e7u pour faciliter votre transition et assurer votre r\u00e9ussite.","breadcrumb":{"@id":"https:\/\/nventive.com\/fr\/articles\/accueil-et-integration-ton-premier-mois-chez-nventive\/#breadcrumb"},"inLanguage":"fr-FR","potentialAction":[{"@type":"ReadAction","target":["https:\/\/nventive.com\/fr\/articles\/accueil-et-integration-ton-premier-mois-chez-nventive\/"]}]},{"@type":"ImageObject","inLanguage":"fr-FR","@id":"https:\/\/nventive.com\/fr\/articles\/accueil-et-integration-ton-premier-mois-chez-nventive\/#primaryimage","url":"https:\/\/nventive.com\/app\/uploads\/accueil-integration\u202f-a-quoi-ressemble-ton-premier-mois-chez-nventive.webp","contentUrl":"https:\/\/nventive.com\/app\/uploads\/accueil-integration\u202f-a-quoi-ressemble-ton-premier-mois-chez-nventive.webp","width":842,"height":561,"caption":"Accueil et int\u00e9gration\u202f: \u00e0 quoi ressemble ton premier mois chez nventive?"},{"@type":"BreadcrumbList","@id":"https:\/\/nventive.com\/fr\/articles\/accueil-et-integration-ton-premier-mois-chez-nventive\/#breadcrumb","itemListElement":[{"@type":"ListItem","position":1,"name":"Accueil","item":"https:\/\/nventive.com\/fr\/"},{"@type":"ListItem","position":2,"name":"Accueil et int\u00e9gration\u202f: \u00e0 quoi ressemble ton premier mois chez nventive?"}]},{"@type":"WebSite","@id":"https:\/\/nventive.com\/fr\/#website","url":"https:\/\/nventive.com\/fr\/","name":"nventive","description":"D\u00e9veloppement mobile et logiciel \u00e0 Montr\u00e9al","publisher":{"@id":"https:\/\/nventive.com\/fr\/#organization"},"potentialAction":[{"@type":"SearchAction","target":{"@type":"EntryPoint","urlTemplate":"https:\/\/nventive.com\/fr\/?s={search_term_string}"},"query-input":{"@type":"PropertyValueSpecification","valueRequired":true,"valueName":"search_term_string"}}],"inLanguage":"fr-FR"},{"@type":"Organization","@id":"https:\/\/nventive.com\/fr\/#organization","name":"nventive","url":"https:\/\/nventive.com\/fr\/","logo":{"@type":"ImageObject","inLanguage":"fr-FR","@id":"https:\/\/nventive.com\/fr\/#\/schema\/logo\/image\/","url":"","contentUrl":"","caption":"nventive"},"image":{"@id":"https:\/\/nventive.com\/fr\/#\/schema\/logo\/image\/"},"sameAs":["https:\/\/www.linkedin.com\/company\/nventive\/","https:\/\/www.instagram.com\/hellonventive\/","https:\/\/www.youtube.com\/channel\/UCFQyvGEKMO10hEyvCqprp5w"]},{"@type":"Person","@id":"https:\/\/nventive.com\/fr\/#\/schema\/person\/4669a628d5e8b86da71213be631ee379","name":"nventive","image":{"@type":"ImageObject","inLanguage":"fr-FR","@id":"https:\/\/nventive.com\/fr\/#\/schema\/person\/image\/","url":"https:\/\/secure.gravatar.com\/avatar\/36dfee0d60b70674aca73f8dc387c367c60e0c101e04254f979ad77fe5b42d52?s=96&d=mm&r=g","contentUrl":"https:\/\/secure.gravatar.com\/avatar\/36dfee0d60b70674aca73f8dc387c367c60e0c101e04254f979ad77fe5b42d52?s=96&d=mm&r=g","caption":"nventive"}}]}},"jetpack_featured_media_url":"https:\/\/nventive.com\/app\/uploads\/accueil-integration\u202f-a-quoi-ressemble-ton-premier-mois-chez-nventive.webp","jetpack_sharing_enabled":true,"_links":{"self":[{"href":"https:\/\/nventive.com\/fr\/wp-json\/wp\/v2\/posts\/8074","targetHints":{"allow":["GET"]}}],"collection":[{"href":"https:\/\/nventive.com\/fr\/wp-json\/wp\/v2\/posts"}],"about":[{"href":"https:\/\/nventive.com\/fr\/wp-json\/wp\/v2\/types\/post"}],"author":[{"embeddable":true,"href":"https:\/\/nventive.com\/fr\/wp-json\/wp\/v2\/users\/3"}],"replies":[{"embeddable":true,"href":"https:\/\/nventive.com\/fr\/wp-json\/wp\/v2\/comments?post=8074"}],"version-history":[{"count":0,"href":"https:\/\/nventive.com\/fr\/wp-json\/wp\/v2\/posts\/8074\/revisions"}],"wp:featuredmedia":[{"embeddable":true,"href":"https:\/\/nventive.com\/fr\/wp-json\/wp\/v2\/media\/8106"}],"wp:attachment":[{"href":"https:\/\/nventive.com\/fr\/wp-json\/wp\/v2\/media?parent=8074"}],"wp:term":[{"taxonomy":"category","embeddable":true,"href":"https:\/\/nventive.com\/fr\/wp-json\/wp\/v2\/categories?post=8074"},{"taxonomy":"post_tag","embeddable":true,"href":"https:\/\/nventive.com\/fr\/wp-json\/wp\/v2\/tags?post=8074"},{"taxonomy":"main_article","embeddable":true,"href":"https:\/\/nventive.com\/fr\/wp-json\/wp\/v2\/main_article?post=8074"}],"curies":[{"name":"wp","href":"https:\/\/api.w.org\/{rel}","templated":true}]}}